{"id":1251,"date":"2011-05-15T01:30:00","date_gmt":"2011-05-14T23:30:00","guid":{"rendered":"https:\/\/jimenezmanager.com\/?p=1251"},"modified":"2023-07-01T12:05:17","modified_gmt":"2023-07-01T10:05:17","slug":"un-dia-de-cacos","status":"publish","type":"post","link":"https:\/\/jimenezmanager.com\/en\/un-dia-de-cacos\/","title":{"rendered":"UN D\u00cdA DE \u00abCACOS\u00bb"},"content":{"rendered":"<p>El hacer un blog, en mi caso, ha sido m\u00e1s bien por obligaci\u00f3n, ya que es una de las tantas tareas que tengo para mi nueva asignatura \u00aboptativa\u00bb&nbsp;<em>NORMALIZACI\u00d3N CONTABLE INTERNACIONAL<\/em>.<\/p>\n\n\n\n<p>Mi primera entrada, en principio, estaba pensada en hacerse acerca de la asignatura o alg\u00fan tema relacionado a ella. Temas como el problema con los intangibles en la Industria Audiovisual, enfrentamientos entre la fundaci\u00f3n del&nbsp;<em>IASC<\/em>&nbsp;y&nbsp;&nbsp;<em>el IASB<\/em>&#8230;etc.<\/p>\n\n\n\n<p>Pero ayer me pas\u00f3 un suceso, que solo pienso en eso, y no puedo pensar en otra cosa.<\/p>\n\n\n\n<p>Ya que me gustar\u00eda plasmarlo en este blog, y con ello sentirme un poco mejor y tranquilo al contarlo&#8230;.creo que es una buena manera (aunque mala, seg\u00fan por donde se vea) de crear mi primera entrada en este blog&#8230;.<\/p>\n\n\n\n<p>Os cuento la Situaci\u00f3n:<\/p>\n\n\n\n<p>Parec\u00eda un s\u00e1bado tranquilo, mi madre y mi hermana ven\u00edan a Granada para estar un poco conmigo, ya que los veo poco, y hemos dicho de salir de compras y echar la tarde por Granada.<\/p>\n\n\n\n<p>A la hora de almorzar, en una tienda de bocatas, frente al&nbsp;<em>Corte Ingl\u00e9s de la Acera del Darro<\/em>, com\u00edamos tranquilamente cuando mi madre ha ido a echar mano al bolso, cuando de repente no estaba&#8230;.un hombre, que estaba sentado detr\u00e1s de nosotros lo hab\u00eda robado&#8230;mi madre se hab\u00eda fijado antes en ese hombre y me lo describ\u00eda perfectamente: chico espa\u00f1ol, estatura normal, pelo moreno, llevaba una chaqueta blanca&#8230;.en fin, en ese momento lo primero que he pensado es en correr por las calles de detr\u00e1s a ver si lo encontraba, o a las malas el bolso, que seguro lo habr\u00e1 tirado a la basura.<\/p>\n\n\n\n<p>En fin, hemos dado de baja las tarjetas, el m\u00f3vil&#8230;.vamos,&nbsp;<a href=\"http:\/\/refugioantiaereo.com\/2008\/08\/que-hacer-cuando-se-pierde-la-cartera\">lo que hay que hacer en estos casos<\/a>. En s\u00ed un robo, pues si, molesta, te enciende, pero podr\u00eda haber pasado algo peor&#8230;lo \u00fanico que conlleva ello es el encontrarte sin nada, sin coche (iban las llaves dentro), llaves de la casa, dinero, m\u00f3vil&#8230;Y no hay derecho que mi madre y mi hermana se hayan tenido que volver a mi pueblo en la gr\u00faa con el coche detr\u00e1s&#8230;.y gracias a los seguros, que para m\u00ed, es lo mejor que hizo mi padre al comprar la casa&#8230;<\/p>\n\n\n<div class=\"wp-block-image\">\n<figure class=\"aligncenter size-full\"><img decoding=\"async\" loading=\"lazy\" width=\"450\" height=\"299\" src=\"https:\/\/jimenezmanager.com\/wp-content\/uploads\/2023\/07\/Robo-del-bolso.jpg\" alt=\"\" class=\"wp-image-1254\" srcset=\"https:\/\/jimenezmanager.com\/wp-content\/uploads\/2023\/07\/Robo-del-bolso.jpg 450w, https:\/\/jimenezmanager.com\/wp-content\/uploads\/2023\/07\/Robo-del-bolso-300x199.jpg 300w, https:\/\/jimenezmanager.com\/wp-content\/uploads\/2023\/07\/Robo-del-bolso-18x12.jpg 18w, https:\/\/jimenezmanager.com\/wp-content\/uploads\/2023\/07\/Robo-del-bolso-150x100.jpg 150w\" sizes=\"(max-width: 450px) 100vw, 450px\" \/><\/figure><\/div>\n\n\n<p>Pero a lo que quiero llegar, adem\u00e1s de contar mi suceso, es todo lo que uno piensa y todo lo que acarrea una cosa como esta.<\/p>\n\n\n\n<p>Mi madre, al decir que le hab\u00edan robado el bolso en el bar, la gente nos miraba como si de payasos de circo nos trat\u00e1semos, dando espect\u00e1culo. La gente no hace nada, se han perdido las formas, que ha pasado en este pa\u00eds con la sociedad,&nbsp;<a href=\"http:\/\/www.elpais.com\/articulo\/sociedad\/educacion\/gasto\/inversion\/elpepisoc\/20100425elpepisoc_1\/Tes\">\u00bfno se ha mejorado la educaci\u00f3n en los \u00faltimos a\u00f1os?<\/a>&nbsp;Yo no veo ninguna mejora, para qu\u00e9 vale tanta inversi\u00f3n en capital humano \u00bfPara qu\u00e9?.<\/p>\n\n\n\n<p>Y no me vale que alguno de vosotros diga, \u00a8pues yo si ayudaria\u00a8, por que no. Porque fijaros lo que son las cosas, una hora antes del suceso, en una tienda cercana, a una chica le hab\u00edan robado tambi\u00e9n el bolso, y todos los que est\u00e1bamos en la tienda no hemos hecho nada para ayudarle. \u00bfA que se debe que ante los hechos que cotidianamente presenciamos y nos afectan no hacemos nada?<\/p>\n\n\n\n<p>Esta sociedad esta mal definida y estructurada desde el principio&#8230;.mirad en Jap\u00f3n, un terremoto, con miles de victimas, gente sin comida, sin casa, sin nada&#8230;.y<a href=\"http:\/\/www.lanacion.com.ar\/1357711-por-que-no-hay-saqueos-en-japon\">&nbsp;no han saqueado<\/a>&nbsp;ni tiendas, ni comercios de alimentaci\u00f3n, nada. Porque? porque tienen una educaci\u00f3n que les ha hecho ser, para m\u00ed, una sociedad con principios y la mejor estructurada del mundo.<\/p>\n\n\n\n<p>\u00bfPor qu\u00e9 no podemos ser nosotros as\u00ed?<\/p>\n\n\n\n<p>Y otra cosa, mi hermana se hab\u00eda quedado en la mesa junto a nuestras otras pertenencias, y me ha dicho despu\u00e9s, que en la mesa de al lado, hab\u00eda una mujer con sus dos hijas peque\u00f1as, y ha escuchado que dec\u00edan : \u00a8Mirad tenemos comida con espect\u00e1culo\u00a8. Esa es la educaci\u00f3n que le das a tus hijas&#8230;no me quiero imaginar como ser\u00e1 esta Sociedad dentro de unos a\u00f1os&#8230; He pensado despu\u00e9s que una buena hostia le habr\u00eda yo dado a esa mujer, pero tengo m\u00e1s educaci\u00f3n que ella.<\/p>\n\n\n\n<p>Y sobre el ladr\u00f3n, pues que ya el Se\u00f1or, o quien sea, lo pondr\u00e1 en su sitio, en la c\u00e1rcel&#8230;aunque viendo como est\u00e1 la Justicia en este Pa\u00eds, poco podemos hacer.<\/p>\n\n\n\n<p>Y ese, otro tema, que ya hablare otro d\u00eda&#8230;..es que nunca hay noticias buenas.<\/p>\n\n\n\n<p>En fin, este fue mi d\u00eda, nefasto d\u00eda.<\/p>","protected":false},"excerpt":{"rendered":"<p>El hacer un blog, en mi caso, ha sido m\u00e1s bien por obligaci\u00f3n, ya que es una de las tantas tareas que tengo para mi nueva asignatura \u00aboptativa\u00bb&nbsp;NORMALIZACI\u00d3N CONTABLE INTERNACIONAL. Mi primera entrada, en principio, estaba pensada en hacerse acerca de la asignatura o alg\u00fan tema relacionado a ella. Temas como el problema con los&#8230; <\/p>\n<p class=\"more\"><a class=\"more-link\" href=\"https:\/\/jimenezmanager.com\/en\/un-dia-de-cacos\/\">Read More<\/a><\/p>","protected":false},"author":1,"featured_media":1252,"comment_status":"open","ping_status":"open","sticky":false,"template":"","format":"standard","meta":{"inline_featured_image":false},"categories":[3],"tags":[143,92,90,91,144],"_links":{"self":[{"href":"https:\/\/jimenezmanager.com\/en\/wp-json\/wp\/v2\/posts\/1251"}],"collection":[{"href":"https:\/\/jimenezmanager.com\/en\/wp-json\/wp\/v2\/posts"}],"about":[{"href":"https:\/\/jimenezmanager.com\/en\/wp-json\/wp\/v2\/types\/post"}],"author":[{"embeddable":true,"href":"https:\/\/jimenezmanager.com\/en\/wp-json\/wp\/v2\/users\/1"}],"replies":[{"embeddable":true,"href":"https:\/\/jimenezmanager.com\/en\/wp-json\/wp\/v2\/comments?post=1251"}],"version-history":[{"count":4,"href":"https:\/\/jimenezmanager.com\/en\/wp-json\/wp\/v2\/posts\/1251\/revisions"}],"predecessor-version":[{"id":1349,"href":"https:\/\/jimenezmanager.com\/en\/wp-json\/wp\/v2\/posts\/1251\/revisions\/1349"}],"wp:featuredmedia":[{"embeddable":true,"href":"https:\/\/jimenezmanager.com\/en\/wp-json\/wp\/v2\/media\/1252"}],"wp:attachment":[{"href":"https:\/\/jimenezmanager.com\/en\/wp-json\/wp\/v2\/media?parent=1251"}],"wp:term":[{"taxonomy":"category","embeddable":true,"href":"https:\/\/jimenezmanager.com\/en\/wp-json\/wp\/v2\/categories?post=1251"},{"taxonomy":"post_tag","embeddable":true,"href":"https:\/\/jimenezmanager.com\/en\/wp-json\/wp\/v2\/tags?post=1251"}],"curies":[{"name":"wp","href":"https:\/\/api.w.org\/{rel}","templated":true}]}}