{"id":1288,"date":"2013-12-12T02:30:00","date_gmt":"2013-12-12T00:30:00","guid":{"rendered":"https:\/\/jimenezmanager.com\/?p=1288"},"modified":"2025-04-06T16:46:19","modified_gmt":"2025-04-06T14:46:19","slug":"my-aiesec-experience-poland","status":"publish","type":"post","link":"https:\/\/jimenezmanager.com\/en\/my-aiesec-experience-poland\/","title":{"rendered":"MY AIESEC EXPERIENCE &#8211; POLAND"},"content":{"rendered":"<p>Mi aventura en AIESEC es excitante al igual que inesperada.<br>Todo empez\u00f3 el d\u00eda que, por casualidad, conoc\u00ed eso de \u00abAIESEC\u00bb. Durante un congreso sobre Posibilidades de Empleo en el exterior, organizado por ellos mismos, me pregunt\u00e9: \u00bfQu\u00e9 era eso de AIESEC?<br>Pronto supe que eran una asociaci\u00f3n dedicada a intercambios en el extranjero mediante pr\u00e1cticas (profesionales o de voluntariado).<br>Despu\u00e9s de realizar mi&nbsp;<a href=\"http:\/\/alvarobaza.blogspot.com.es\/2013\/03\/posibilidades-de-empleo-en-el-exterior.html\">an\u00e1lisis DAFO<\/a>, sin comerlo, ni beberlo, a los pocos meses estaba poniendo rumbo a la que ser\u00eda una de las mejores aventuras de mi vida: POLONIA.<\/p>\n\n\n\n<p>Llegu\u00e9 a&nbsp;<a href=\"http:\/\/www.poland.travel\/en-gb\/cities\/lublin-a-city-steeped-in-history\">Lublin (Poland)<\/a>&nbsp;con la hiperactividad de un ni\u00f1o de 5 a\u00f1os, a la vez que cansado, dado que llevaba muchas horas sin descanso y un viaje interminable desde Krak\u00f3w.<br>Lo que m\u00e1s me impact\u00f3 y no olvidar\u00e9 jam\u00e1s, es esa pancarta de bienvenida que portaba Karina, Dominika y compa\u00f1\u00eda, acompa\u00f1ados por globos. Era como si ya me conociesen de toda la vida, y ese miedo que ten\u00eda a lo desconocido, a la incertidumbre, se desvaneci\u00f3 tras aquellos andenes de la estaci\u00f3n de tren.<\/p>\n\n\n\n<p>Lo siguiente fue conocer a las que ser\u00edan mis dos nuevas compa\u00f1eras de piso para mis dos primeras semanas en la ciudad. Patrycja y Karolina me trataron como a un polaco m\u00e1s (no solo por la cerveza y vodka que me ofrec\u00edan, sino tambi\u00e9n su cultura, su gente, su gastronom\u00eda&#8230;).<br>Organizaron una fiesta de bienvenida y conoc\u00ed a mucha gente.<\/p>\n\n\n\n<p><\/p>\n\n\n\n<figure class=\"wp-block-image size-large\"><img decoding=\"async\" src=\"https:\/\/images2.imgbox.com\/a7\/d7\/12Mf0fWr_o.png\" alt=\"\"\/><figcaption class=\"wp-element-caption\">Lublin (Old town) POLAND<\/figcaption><\/figure>\n\n\n\n<p>Uno de los problemas que aparecieron de repente fue la sensaci\u00f3n de estar perdido, de no ser realmente yo en cuanto a la sociabilidad. El ingl\u00e9s era algo que me limitaba mucho a la hora de relacionarme, pero no tard\u00e9 en espabilarme y s\u00e9 que de no ser por esta experiencia, no me habr\u00eda soltado tanto a la hora de hablar en ingl\u00e9s.<\/p>\n\n\n\n<p>Y hasta aqu\u00ed, \u00bfpor qu\u00e9 raz\u00f3n estaba yo en Polonia?<br>Mi misi\u00f3n cambi\u00f3 completamente el primer d\u00eda de clase. Mi labor consist\u00eda en dar clases a ni\u00f1os de 3 a 17 a\u00f1os en colegios de la zona. Mi docencia se basaba en el intercambio de cultura, idioma, tradiciones y costumbres de Espa\u00f1a.<br>Pero me di cuenta de que mi misi\u00f3n, adem\u00e1s de todo lo anterior, era dar felicidad, motivaci\u00f3n a esos ni\u00f1os, y lo mejor fue que yo recib\u00ed m\u00e1s de lo que yo pude dar.<\/p>\n\n\n<div class=\"wp-block-image\">\n<figure class=\"aligncenter size-large\"><img decoding=\"async\" loading=\"lazy\" width=\"1024\" height=\"768\" src=\"https:\/\/jimenezmanager.com\/wp-content\/uploads\/2023\/07\/CIMG7614-1024x768.jpg\" alt=\"\" class=\"wp-image-1298\" srcset=\"https:\/\/jimenezmanager.com\/wp-content\/uploads\/2023\/07\/CIMG7614-1024x768.jpg 1024w, https:\/\/jimenezmanager.com\/wp-content\/uploads\/2023\/07\/CIMG7614-300x225.jpg 300w, https:\/\/jimenezmanager.com\/wp-content\/uploads\/2023\/07\/CIMG7614-768x576.jpg 768w, https:\/\/jimenezmanager.com\/wp-content\/uploads\/2023\/07\/CIMG7614-1536x1152.jpg 1536w, https:\/\/jimenezmanager.com\/wp-content\/uploads\/2023\/07\/CIMG7614-16x12.jpg 16w, https:\/\/jimenezmanager.com\/wp-content\/uploads\/2023\/07\/CIMG7614-1000x750.jpg 1000w, https:\/\/jimenezmanager.com\/wp-content\/uploads\/2023\/07\/CIMG7614-550x413.jpg 550w, https:\/\/jimenezmanager.com\/wp-content\/uploads\/2023\/07\/CIMG7614-150x113.jpg 150w, https:\/\/jimenezmanager.com\/wp-content\/uploads\/2023\/07\/CIMG7614-1600x1200.jpg 1600w, https:\/\/jimenezmanager.com\/wp-content\/uploads\/2023\/07\/CIMG7614-1920x1440.jpg 1920w, https:\/\/jimenezmanager.com\/wp-content\/uploads\/2023\/07\/CIMG7614-1440x1080.jpg 1440w, https:\/\/jimenezmanager.com\/wp-content\/uploads\/2023\/07\/CIMG7614.jpg 2048w\" sizes=\"(max-width: 1024px) 100vw, 1024px\" \/><\/figure><\/div>\n\n\n<p>Esa sensaci\u00f3n cuando te dabas cuenta de que impactabas tanto en ellos, esa sensaci\u00f3n cuando disfrutabas con ellos, esa sensaci\u00f3n cuando recib\u00edas el cari\u00f1o de aquellos \u00abpeque\u00f1ajos\u00bb no ten\u00eda precio.<br>Aclarar que yo me fui de voluntariado unas 7 semanas. Me daban la manutenci\u00f3n, la estancia, y me pagaban el transporte. Yo no ten\u00eda un sueldo, pero mi trabajo lo cobraba con sonrisas, y una sonrisa de un ni\u00f1o es la mejor moneda de cambio que existe en el mundo.<\/p>\n\n\n\n<div class=\"wp-block-columns is-layout-flex wp-container-3\">\n<div class=\"wp-block-column is-layout-flow\">\n<figure class=\"wp-block-image size-large is-resized\"><img decoding=\"async\" loading=\"lazy\" src=\"https:\/\/jimenezmanager.com\/wp-content\/uploads\/2023\/07\/DSCN9373-edited.jpg\" alt=\"\" class=\"wp-image-1304\" width=\"363\" height=\"577\" srcset=\"https:\/\/jimenezmanager.com\/wp-content\/uploads\/2023\/07\/DSCN9373-edited-188x300.jpg 188w, https:\/\/jimenezmanager.com\/wp-content\/uploads\/2023\/07\/DSCN9373-edited-8x12.jpg 8w\" sizes=\"(max-width: 363px) 100vw, 363px\" \/><\/figure>\n<\/div>\n\n\n\n<div class=\"wp-block-column is-layout-flow\">\n<figure class=\"wp-block-image size-large is-resized\"><img decoding=\"async\" src=\"https:\/\/jimenezmanager.com\/wp-content\/uploads\/2023\/07\/IMG_3020-edited.jpg\" alt=\"\" class=\"wp-image-1303\" width=\"360\" srcset=\"https:\/\/jimenezmanager.com\/wp-content\/uploads\/2023\/07\/IMG_3020-edited.jpg 1279w, https:\/\/jimenezmanager.com\/wp-content\/uploads\/2023\/07\/IMG_3020-edited-187x300.jpg 187w, https:\/\/jimenezmanager.com\/wp-content\/uploads\/2023\/07\/IMG_3020-edited-640x1024.jpg 640w, https:\/\/jimenezmanager.com\/wp-content\/uploads\/2023\/07\/IMG_3020-edited-768x1230.jpg 768w, https:\/\/jimenezmanager.com\/wp-content\/uploads\/2023\/07\/IMG_3020-edited-959x1536.jpg 959w, https:\/\/jimenezmanager.com\/wp-content\/uploads\/2023\/07\/IMG_3020-edited-7x12.jpg 7w, https:\/\/jimenezmanager.com\/wp-content\/uploads\/2023\/07\/IMG_3020-edited-1000x1601.jpg 1000w, https:\/\/jimenezmanager.com\/wp-content\/uploads\/2023\/07\/IMG_3020-edited-550x881.jpg 550w, https:\/\/jimenezmanager.com\/wp-content\/uploads\/2023\/07\/IMG_3020-edited-150x240.jpg 150w, https:\/\/jimenezmanager.com\/wp-content\/uploads\/2023\/07\/IMG_3020-edited-674x1080.jpg 674w\" sizes=\"(max-width: 1279px) 100vw, 1279px\" \/><\/figure>\n<\/div>\n<\/div>\n\n\n\n<p><a href=\"http:\/\/4.bp.blogspot.com\/-BHBZEWgDPUM\/Uqiu7OhZXDI\/AAAAAAAAAYQ\/jh_RmfwQ34w\/s1600\/IMG_3020.JPG\"><\/a><\/p>\n\n\n\n<p>Lo que m\u00e1s me alegraba de mi trabajo, adem\u00e1s de disfrutar con los ni\u00f1os, era la facilidad que mi proyecto me daba de visitar colegios de otras ciudades y pueblos como Nowodw\u00f3r, colegios OAZA de la zona de Che\u0142m, Firlej&#8230;Era una forma f\u00e1cil de viajar, visitar nuevos lugares y vivir nuevas aventuras.<br>Tambi\u00e9n decir que siempre trabaj\u00e1bamos en grupos de dos. Cada uno de una nacionalidad diferente. Mi grupo estaba compuesto por: Mo (USA), Sara (T\u00fanez), Nataly (Ucrania), Hassan (Pakist\u00e1n), Marko (Serbia), Simo (Marruecos), Destria (Indonesia) y Snow Yellow (China).<\/p>\n\n\n<div class=\"wp-block-image\">\n<figure class=\"aligncenter size-full is-resized\"><img decoding=\"async\" loading=\"lazy\" src=\"https:\/\/jimenezmanager.com\/wp-content\/uploads\/2023\/07\/526878_10201342862190224_1868632166_n.jpg\" alt=\"\" class=\"wp-image-1294\" width=\"840\" height=\"630\" srcset=\"https:\/\/jimenezmanager.com\/wp-content\/uploads\/2023\/07\/526878_10201342862190224_1868632166_n.jpg 960w, https:\/\/jimenezmanager.com\/wp-content\/uploads\/2023\/07\/526878_10201342862190224_1868632166_n-300x225.jpg 300w, https:\/\/jimenezmanager.com\/wp-content\/uploads\/2023\/07\/526878_10201342862190224_1868632166_n-768x576.jpg 768w, https:\/\/jimenezmanager.com\/wp-content\/uploads\/2023\/07\/526878_10201342862190224_1868632166_n-16x12.jpg 16w, https:\/\/jimenezmanager.com\/wp-content\/uploads\/2023\/07\/526878_10201342862190224_1868632166_n-550x413.jpg 550w, https:\/\/jimenezmanager.com\/wp-content\/uploads\/2023\/07\/526878_10201342862190224_1868632166_n-150x113.jpg 150w\" sizes=\"(max-width: 840px) 100vw, 840px\" \/><figcaption class=\"wp-element-caption\">De izq. a dcha. : Simo, Sara, Nataly, Mo, Hassan, \u00c1lvaro, Marko, Snow Yellow y Destria Putri.<\/figcaption><\/figure><\/div>\n\n\n<p>Cada vez que viaj\u00e1bamos dos personas juntas y vivir 3-5 d\u00edas en un sitio, era una forma de conocernos m\u00e1s. Vivimos experiencias inolvidables como el paseo en barco con Destria por el lago&nbsp;Zalew Zemborzycki, el desfile de modelos con Snow (la cual no se hab\u00eda probado ning\u00fan vestido en su vida), o la noche de cacer\u00eda de insectos con Nataly, entre otras muchas m\u00e1s.<\/p>\n\n\n\n<p>Uno de esos viajes, en concreto a&nbsp;<a href=\"http:\/\/www.firlej.pl\/viewpage.php?page_id=8\">Firlej (wojew\u00f3dztwo lubelskie)<\/a>&nbsp;fue donde descubr\u00ed al verdadero pueblo polaco y a gente maravillosa ( amigos para toda la vida). No hay ning\u00fan d\u00eda que no sepa de ellos, o hable con ellos (gracias a las nuevas tecnolog\u00edas).<br>La gente era super amable, acogedora, servicial, lo que viene siendo una gran comunidad. Me contaron que el pasado invierno hubo una serie de tormentas que destrozaron varias casas del pueblo, incluida la peque\u00f1a iglesia. Todos, absolutamente todos echaron una mano para arreglarlos. Cuando digo \u00abecharon una mano\u00bb lo digo literalmente, trabajando en comunidad para solucionar ese problema y que este verano todo el mundo disfrutase de ese bello pueblo llamado Firlej.<\/p>\n\n\n\n<figure class=\"wp-block-image size-large\"><img decoding=\"async\" src=\"https:\/\/upload.wikimedia.org\/wikipedia\/commons\/1\/15\/Firlej-lake-150509-45.jpg\" alt=\"\"\/><\/figure>\n\n\n\n<p>All\u00ed me di cuenta del potencial que ten\u00eda, y de que me gustaba mi trabajo. Tambi\u00e9n porque los ni\u00f1os me ayudaron a realizar mi trabajo mas ameno. Adem\u00e1s de que la acogida fue espectacular; Dawid y su hermana Patrycja me acogieron en su casa como a uno m\u00e1s de la familia. La ayuda de Pawe\u0142 y Kasia en clase me sirvi\u00f3 de mucho e hice las clases m\u00e1s amenas. Muchos de mis compa\u00f1eros daban clase y poco m\u00e1s. Yo intentaba llevarlo al aprendizaje interactivo, con juegos para que a la vez que se divert\u00edan, aprend\u00edan.<\/p>\n\n\n<div class=\"wp-block-image\">\n<figure class=\"aligncenter size-full\"><img decoding=\"async\" loading=\"lazy\" width=\"640\" height=\"440\" src=\"https:\/\/jimenezmanager.com\/wp-content\/uploads\/2025\/04\/foto4-en-tamano-mediano.jpeg\" alt=\"\" class=\"wp-image-2180\" srcset=\"https:\/\/jimenezmanager.com\/wp-content\/uploads\/2025\/04\/foto4-en-tamano-mediano.jpeg 640w, https:\/\/jimenezmanager.com\/wp-content\/uploads\/2025\/04\/foto4-en-tamano-mediano-300x206.jpeg 300w, https:\/\/jimenezmanager.com\/wp-content\/uploads\/2025\/04\/foto4-en-tamano-mediano-18x12.jpeg 18w, https:\/\/jimenezmanager.com\/wp-content\/uploads\/2025\/04\/foto4-en-tamano-mediano-550x378.jpeg 550w, https:\/\/jimenezmanager.com\/wp-content\/uploads\/2025\/04\/foto4-en-tamano-mediano-150x103.jpeg 150w\" sizes=\"(max-width: 640px) 100vw, 640px\" \/><\/figure><\/div>\n\n<div class=\"wp-block-image\">\n<figure class=\"aligncenter size-full\"><img decoding=\"async\" loading=\"lazy\" width=\"640\" height=\"431\" src=\"https:\/\/jimenezmanager.com\/wp-content\/uploads\/2025\/04\/foto6-en-tamano-mediano.jpeg\" alt=\"\" class=\"wp-image-2182\" srcset=\"https:\/\/jimenezmanager.com\/wp-content\/uploads\/2025\/04\/foto6-en-tamano-mediano.jpeg 640w, https:\/\/jimenezmanager.com\/wp-content\/uploads\/2025\/04\/foto6-en-tamano-mediano-300x202.jpeg 300w, https:\/\/jimenezmanager.com\/wp-content\/uploads\/2025\/04\/foto6-en-tamano-mediano-18x12.jpeg 18w, https:\/\/jimenezmanager.com\/wp-content\/uploads\/2025\/04\/foto6-en-tamano-mediano-550x370.jpeg 550w, https:\/\/jimenezmanager.com\/wp-content\/uploads\/2025\/04\/foto6-en-tamano-mediano-150x101.jpeg 150w\" sizes=\"(max-width: 640px) 100vw, 640px\" \/><\/figure><\/div>\n\n\n<p>En definitiva, mi estancia en Firlej fue mejorando d\u00eda a d\u00eda. Pawe\u0142 me ense\u00f1aba palabras polacas, gracias a Patrycja descubr\u00ed el amor por la m\u00fasica polaca y rusa, Kasia me ense\u00f1\u00f3 lugares maravillosos (rincones de polonia que nunca habr\u00eda conocido) y Dawid me ense\u00f1\u00f3 a ser feliz y a disfrutar de la vida.<\/p>\n\n\n<div class=\"wp-block-image\">\n<figure class=\"aligncenter size-full\"><img decoding=\"async\" loading=\"lazy\" width=\"640\" height=\"273\" src=\"https:\/\/jimenezmanager.com\/wp-content\/uploads\/2025\/04\/foto7-en-tamano-mediano.jpeg\" alt=\"\" class=\"wp-image-2181\" srcset=\"https:\/\/jimenezmanager.com\/wp-content\/uploads\/2025\/04\/foto7-en-tamano-mediano.jpeg 640w, https:\/\/jimenezmanager.com\/wp-content\/uploads\/2025\/04\/foto7-en-tamano-mediano-300x128.jpeg 300w, https:\/\/jimenezmanager.com\/wp-content\/uploads\/2025\/04\/foto7-en-tamano-mediano-18x8.jpeg 18w, https:\/\/jimenezmanager.com\/wp-content\/uploads\/2025\/04\/foto7-en-tamano-mediano-550x235.jpeg 550w, https:\/\/jimenezmanager.com\/wp-content\/uploads\/2025\/04\/foto7-en-tamano-mediano-150x64.jpeg 150w\" sizes=\"(max-width: 640px) 100vw, 640px\" \/><\/figure><\/div>\n\n\n<p>Otra de las experiencias que no olvidar\u00e9 nunca, fue mi escapada de fin de semana a Krak\u00f3w. Tuve la mejor compa\u00f1\u00eda que pod\u00eda tener. Muchas veces lo dec\u00eda, parec\u00edamos las Naciones Unidas. Fuimos David (USA), Hamza (T\u00fanez), Antonio (Italia), Victoria (Ucrania), Polina (Rusia) e Isabel (Espa\u00f1a).<\/p>\n\n\n\n<p>Nos lo pasamos genial, y nunca olvidar\u00e9 todos esos momentos que pas\u00e9 con ellos, como el de cantar por las calles de Cracovia, a las tantas de la noche y la gente mir\u00e1ndonos. Hasta pensamos en hacer un grupo musical.<\/p>\n\n\n<div class=\"wp-block-image\">\n<figure class=\"aligncenter size-full\"><img decoding=\"async\" loading=\"lazy\" width=\"640\" height=\"243\" src=\"https:\/\/jimenezmanager.com\/wp-content\/uploads\/2025\/04\/foto8-en-tamano-mediano.jpeg\" alt=\"\" class=\"wp-image-2183\" srcset=\"https:\/\/jimenezmanager.com\/wp-content\/uploads\/2025\/04\/foto8-en-tamano-mediano.jpeg 640w, https:\/\/jimenezmanager.com\/wp-content\/uploads\/2025\/04\/foto8-en-tamano-mediano-300x114.jpeg 300w, https:\/\/jimenezmanager.com\/wp-content\/uploads\/2025\/04\/foto8-en-tamano-mediano-18x7.jpeg 18w, https:\/\/jimenezmanager.com\/wp-content\/uploads\/2025\/04\/foto8-en-tamano-mediano-550x209.jpeg 550w, https:\/\/jimenezmanager.com\/wp-content\/uploads\/2025\/04\/foto8-en-tamano-mediano-150x57.jpeg 150w\" sizes=\"(max-width: 640px) 100vw, 640px\" \/><\/figure><\/div>\n\n\n<p>Y como olvidarme de AIESEC LUBLIN (Poland). Gente muy comprometida, la cual nos ense\u00f1\u00f3 a como trabajar y vivir all\u00ed, adem\u00e1s de ense\u00f1arnos a ser amigos para siempre. Nombrar a mi buddy Justyna que me hizo las cosas muy f\u00e1ciles all\u00ed (adjunto video&nbsp;<a href=\"https:\/\/www.youtube.com\/watch?v=nILJFUk-OHY\">\u00abImportancia de un buddy para AIESEC\u00bb<\/a>), a Damian por ense\u00f1arme palabras m\u00e1s series en polaco, a los gemelos por despertarme por las ma\u00f1anas para que no perdiese el bus, las Dominikas, Karina, Karolina, Kinga, Krzysiek, Maciej, Milena, Sandra, y muchos m\u00e1s. No me olvido de vosotros. Siempre recordar\u00e9 esas noches de juerga en Riviera y Dom Kultury.<\/p>\n\n\n\n<p>Sin duda, vivir esta experiencia me cambi\u00f3 completamente, el viajar solo, el enfrentarme a problemas y poder solucionarlos, a encontrar mi creatividad. Me di cuenta de hasta donde puedo realmente llegar, a hablar en p\u00fablico (hace unos meses era impensable para m\u00ed), a gestionar mi tiempo, a no rendirme nunca&#8230;en definitiva, me ha ayudado a crecer, a madurar.<\/p>\n\n\n\n<iframe loading=\"lazy\" src=\"https:\/\/prezi.com\/p\/embed\/u_ank9k32jba\/\" id=\"iframe_container\" frameborder=\"0\" webkitallowfullscreen=\"\" mozallowfullscreen=\"\" allowfullscreen=\"\" allow=\"autoplay; fullscreen\" height=\"315\" width=\"560\"><\/iframe>\n\n\n\n<p>Para m\u00ed, Polonia fue un lugar donde me vi muy identificado, donde la gente me trat\u00f3 tal y como soy, y donde descubr\u00ed que pod\u00eda vencer mis temores, mis miedos. El lugar donde encontr\u00e9 a personas extraordinarias, el lugar donde se encuentran mis mejores recuerdos y mis mejores amigos.<\/p>\n\n\n\n<figure class=\"wp-block-embed aligncenter is-type-video is-provider-youtube wp-block-embed-youtube wp-embed-aspect-16-9 wp-has-aspect-ratio\"><div class=\"wp-block-embed__wrapper\">\n<iframe loading=\"lazy\" title=\"Summer in Poland - 2013\" width=\"540\" height=\"304\" src=\"https:\/\/www.youtube.com\/embed\/T288P8eEivw?feature=oembed\" frameborder=\"0\" allow=\"accelerometer; autoplay; clipboard-write; encrypted-media; gyroscope; picture-in-picture; web-share\" referrerpolicy=\"strict-origin-when-cross-origin\" allowfullscreen><\/iframe>\n<\/div><\/figure>","protected":false},"excerpt":{"rendered":"<p>Mi aventura en AIESEC es excitante al igual que inesperada.Todo empez\u00f3 el d\u00eda que, por casualidad, conoc\u00ed eso de \u00abAIESEC\u00bb. Durante un congreso sobre Posibilidades de Empleo en el exterior, organizado por ellos mismos, me pregunt\u00e9: \u00bfQu\u00e9 era eso de AIESEC?Pronto supe que eran una asociaci\u00f3n dedicada a intercambios en el extranjero mediante pr\u00e1cticas (profesionales&#8230; <\/p>\n<p class=\"more\"><a class=\"more-link\" href=\"https:\/\/jimenezmanager.com\/en\/my-aiesec-experience-poland\/\">Read More<\/a><\/p>","protected":false},"author":1,"featured_media":1289,"comment_status":"open","ping_status":"open","sticky":false,"template":"","format":"standard","meta":{"inline_featured_image":false},"categories":[2],"tags":[111,116,115,117,118],"_links":{"self":[{"href":"https:\/\/jimenezmanager.com\/en\/wp-json\/wp\/v2\/posts\/1288"}],"collection":[{"href":"https:\/\/jimenezmanager.com\/en\/wp-json\/wp\/v2\/posts"}],"about":[{"href":"https:\/\/jimenezmanager.com\/en\/wp-json\/wp\/v2\/types\/post"}],"author":[{"embeddable":true,"href":"https:\/\/jimenezmanager.com\/en\/wp-json\/wp\/v2\/users\/1"}],"replies":[{"embeddable":true,"href":"https:\/\/jimenezmanager.com\/en\/wp-json\/wp\/v2\/comments?post=1288"}],"version-history":[{"count":8,"href":"https:\/\/jimenezmanager.com\/en\/wp-json\/wp\/v2\/posts\/1288\/revisions"}],"predecessor-version":[{"id":2186,"href":"https:\/\/jimenezmanager.com\/en\/wp-json\/wp\/v2\/posts\/1288\/revisions\/2186"}],"wp:featuredmedia":[{"embeddable":true,"href":"https:\/\/jimenezmanager.com\/en\/wp-json\/wp\/v2\/media\/1289"}],"wp:attachment":[{"href":"https:\/\/jimenezmanager.com\/en\/wp-json\/wp\/v2\/media?parent=1288"}],"wp:term":[{"taxonomy":"category","embeddable":true,"href":"https:\/\/jimenezmanager.com\/en\/wp-json\/wp\/v2\/categories?post=1288"},{"taxonomy":"post_tag","embeddable":true,"href":"https:\/\/jimenezmanager.com\/en\/wp-json\/wp\/v2\/tags?post=1288"}],"curies":[{"name":"wp","href":"https:\/\/api.w.org\/{rel}","templated":true}]}}