{"id":1312,"date":"2014-06-12T11:51:00","date_gmt":"2014-06-12T09:51:00","guid":{"rendered":"https:\/\/jimenezmanager.com\/?p=1312"},"modified":"2023-07-01T11:58:41","modified_gmt":"2023-07-01T09:58:41","slug":"es-el-fin-del-mundo","status":"publish","type":"post","link":"https:\/\/jimenezmanager.com\/en\/es-el-fin-del-mundo\/","title":{"rendered":"\u00bfES EL FIN DEL MUNDO?"},"content":{"rendered":"<p>No quiero empezar a ser pesimista ni alarmaros, pero el fin de nuestros d\u00edas est\u00e1 cerca. El mundo tal y como lo conocemos desaparecer\u00e1 si no ponemos remedio a ello; porque s\u00ed; nosotros somos los responsables de la cat\u00e1strofe que nosotros mismos hemos causado en la Tierra. No solo nos estamos cargando la naturaleza con actos como el calentamiento global, el deshielo de los polos, la capa de ozono&#8230; sino algo m\u00e1s grave, el ser humano, la sociedad, nos estamos&nbsp;<strong>auto-destruyendo<\/strong>.<\/p>\n\n\n<div class=\"wp-block-image\">\n<figure class=\"aligncenter size-full\"><img decoding=\"async\" loading=\"lazy\" width=\"450\" height=\"338\" src=\"https:\/\/jimenezmanager.com\/wp-content\/uploads\/2023\/07\/tumblr_mf8tsyRgtj1qimo1xo1_500.gif\" alt=\"\" class=\"wp-image-1315\"\/><\/figure><\/div>\n\n\n<p>Pensemos pues en la sociedad actual, en c\u00f3mo actuamos d\u00eda a d\u00eda. Solo nos basta con salir a las calles de nuestra ciudad y ver que sucede. Seguro que muchos de vosotros, al igual que yo, ha tenido esa sensaci\u00f3n de sentir verg\u00fcenza ajena por lo que ve en otras personas; esa sensaci\u00f3n de sentir que esas personas no me representan, aunque siendo realista estas personas nos atraen hacia su mundo oscuro aun no queriendo, cual bote de miel que atrae a una abeja. Estos actos nos est\u00e1n llevando a la autodestrucci\u00f3n que antes os comentaba, siendo la base de estos actos el ego\u00edsmo, la competitividad, la falta de respeto..<\/p>\n\n\n\n<p>Eso es un problema pero&nbsp;<strong>\u00bfcomo lo solucionamos?&nbsp;<\/strong><\/p>\n\n\n\n<p>Digo solucionamos porque nosotros somos los \u00fanicos que podemos solucionarlo, a no ser que vengan seres de otro planeta como en aquella pel\u00edcula de Keanu Reeves.<br>Y pens\u00e1ndolo ahora, pasar\u00eda exactamente lo mismo que en aquella obra, donde seres de otro planeta ven\u00edan a la tierra a destruirnos antes de que nosotros destruy\u00e9semos la tierra, d\u00e1ndonos un toque de atenci\u00f3n para cambiar.<br>Y si, el ser humano esta acostumbrado a cambiar cuando aparece el problema, cuando esa persona ya se encuentra al borde del precipicio. Debemos cambiar esa actitud dado que la pr\u00f3xima vez puede que lleguemos tarde.<\/p>\n\n\n\n<figure class=\"wp-block-embed is-type-video is-provider-youtube wp-block-embed-youtube wp-embed-aspect-16-9 wp-has-aspect-ratio\"><div class=\"wp-block-embed__wrapper\">\n<iframe loading=\"lazy\" title=\"Ultimatum a la Tierra - Trailer Espa\u00f1ol HD\" width=\"540\" height=\"304\" src=\"https:\/\/www.youtube.com\/embed\/iNDLzrGbKVU?feature=oembed\" frameborder=\"0\" allow=\"accelerometer; autoplay; clipboard-write; encrypted-media; gyroscope; picture-in-picture; web-share\" allowfullscreen><\/iframe>\n<\/div><\/figure>\n\n\n\n<p><strong>\u00bfSoluci\u00f3n? \u00bfQu\u00e9 cambio?<\/strong><\/p>\n\n\n\n<p>La \u00fanica soluci\u00f3n, como antes he citado, es cambiar a la sociedad bas\u00e1ndonos en 2 pilares b\u00e1sicos. Uno es la comunicaci\u00f3n y otra es la cooperaci\u00f3n. \u00bfY por qu\u00e9 estas dos cosas? os lo explicar\u00e9 a trav\u00e9s de una intervenci\u00f3n que escuch\u00e9 de Oriol Marimon, un micro-bi\u00f3logo de la Universidad de Barcelona.<\/p>\n\n\n\n<figure class=\"wp-block-image size-full\"><img decoding=\"async\" loading=\"lazy\" width=\"800\" height=\"534\" src=\"https:\/\/jimenezmanager.com\/wp-content\/uploads\/2023\/07\/famelab_marimon.jpg\" alt=\"\" class=\"wp-image-1316\" srcset=\"https:\/\/jimenezmanager.com\/wp-content\/uploads\/2023\/07\/famelab_marimon.jpg 800w, https:\/\/jimenezmanager.com\/wp-content\/uploads\/2023\/07\/famelab_marimon-300x200.jpg 300w, https:\/\/jimenezmanager.com\/wp-content\/uploads\/2023\/07\/famelab_marimon-768x513.jpg 768w, https:\/\/jimenezmanager.com\/wp-content\/uploads\/2023\/07\/famelab_marimon-18x12.jpg 18w, https:\/\/jimenezmanager.com\/wp-content\/uploads\/2023\/07\/famelab_marimon-550x367.jpg 550w, https:\/\/jimenezmanager.com\/wp-content\/uploads\/2023\/07\/famelab_marimon-150x100.jpg 150w\" sizes=\"(max-width: 800px) 100vw, 800px\" \/><figcaption class=\"wp-element-caption\">Oriol Marim\u00f3n Garrido (1984) trabaja en la Universitat de Barcelona. Microbi\u00f3logo y\u00a0acaba de finalizar el Doctorado en Biof\u00edsica cuya tesis se ha basado en el estudio de los ej\u00e9rcitos organizados que m\u00e1s bajas producen entre los seres humanos: los biofilms, esas estructuras complejas formadas por las bacterias.<\/figcaption><\/figure>\n\n\n\n<p><strong>EL FUEGO<\/strong>, ese gran hito del ser humano, y su descubrimiento fue y ser\u00e1 el m\u00e1s importante de la historia del ser humano.<\/p>\n\n\n\n<p>Pero \u00bfc\u00f3mo y por qu\u00e9 conocemos el fuego ahora igual que antes?<\/p>\n\n\n\n<p>Porque el ser humano ha sabido transmitirlo de generaci\u00f3n en generaci\u00f3n. Algo que el Homo Habilis hace 1 mill\u00f3n 800 mil a\u00f1os no supo transmitir, ya que \u00e9ste solo se comunicaba cual mono de circo; si hab\u00e9is visto&nbsp;<em>\u00abS\u00e1lvame Deluxe\u00bb<\/em>&nbsp;alguna vez os pod\u00e9is hacer una idea.<\/p>\n\n\n\n<p>Tuvieron que pasar miles de \u00a0a\u00f1os para que el Homo Erectus, ya con un sistema f\u00f3nico, pudiese y supiese transmitir dicho concepto b\u00e1sico como es el Fuego. Descubrirlo, utilizarlo, controlarlo, hizo que el ser humano sobreviviese (dado que lo ayudo para alimentarse, protegerse del fr\u00edo&#8230;) y como resultado gracias a a la mejora entre la comunicaci\u00f3n y la cooperaci\u00f3n que tuvo el Homo Erectus, nos permiti\u00f3 evolucionar como especie.La evoluci\u00f3n, es la\u00a0<strong>supervivencia<\/strong>\u00a0del ser, es el\u00a0<strong>futuro<\/strong>, la<strong>\u00a0inmortalidad<\/strong>.<\/p>\n\n\n\n<figure class=\"wp-block-image size-full\"><img decoding=\"async\" loading=\"lazy\" width=\"800\" height=\"433\" src=\"https:\/\/jimenezmanager.com\/wp-content\/uploads\/2023\/07\/estamos-cerca-de-alcanzar-la-inmortalidad-cientifico-afirma-que-si-1129823-1.jpg\" alt=\"\" class=\"wp-image-1317\" srcset=\"https:\/\/jimenezmanager.com\/wp-content\/uploads\/2023\/07\/estamos-cerca-de-alcanzar-la-inmortalidad-cientifico-afirma-que-si-1129823-1.jpg 800w, https:\/\/jimenezmanager.com\/wp-content\/uploads\/2023\/07\/estamos-cerca-de-alcanzar-la-inmortalidad-cientifico-afirma-que-si-1129823-1-300x162.jpg 300w, https:\/\/jimenezmanager.com\/wp-content\/uploads\/2023\/07\/estamos-cerca-de-alcanzar-la-inmortalidad-cientifico-afirma-que-si-1129823-1-768x416.jpg 768w, https:\/\/jimenezmanager.com\/wp-content\/uploads\/2023\/07\/estamos-cerca-de-alcanzar-la-inmortalidad-cientifico-afirma-que-si-1129823-1-18x10.jpg 18w, https:\/\/jimenezmanager.com\/wp-content\/uploads\/2023\/07\/estamos-cerca-de-alcanzar-la-inmortalidad-cientifico-afirma-que-si-1129823-1-550x298.jpg 550w, https:\/\/jimenezmanager.com\/wp-content\/uploads\/2023\/07\/estamos-cerca-de-alcanzar-la-inmortalidad-cientifico-afirma-que-si-1129823-1-150x81.jpg 150w\" sizes=\"(max-width: 800px) 100vw, 800px\" \/><\/figure>\n\n\n\n<p>La cuesti\u00f3n es que hay tesis evolutivas en contra, porque dicen que es el ego\u00edsmo, la lucha entre especies y la supervivencia del mas fuerte lo que gu\u00eda a la evoluci\u00f3n del hombre. Que casualidad que es b\u00e1sicamente esta tesis evolutiva lo que representa a la sociedad actualmente. Y un claro ejemplo de ello lo podemos ver en cualquiera de las 2 guerras mundiales.<br>Pero \u00bfcu\u00e1l de estas dos tesis evolutivas es la correcta? nadie tiene la respuesta universal, pero s\u00ed nos podemos fiar de ejemplos en las que estas tesis aparecen en acci\u00f3n. Y que mejor ejemplo que nosotros mismos, s\u00ed , otra vez el hombre como protagonista. Siendo mas espec\u00edficos en el&nbsp;<strong>Cuerpo Humano<\/strong>.<\/p>\n\n\n\n<figure class=\"wp-block-image\"><a href=\"http:\/\/antroperplejo.files.wordpress.com\/2012\/01\/compe.jpg\"><img decoding=\"async\" src=\"http:\/\/antroperplejo.files.wordpress.com\/2012\/01\/compe.jpg\" alt=\"\"\/><\/a><\/figure>\n\n\n\n<p>Nosotros nos componemos por c\u00e9lulas, y estas a su vez por org\u00e1nulos. Estos org\u00e1nulos funcionan como el motor de la c\u00e9lula, y \u00e9stos a su vez se componen de mitocondrias (que respira) y los cilios que act\u00faan como defensa protegi\u00e9ndola. Para que las c\u00e9lulas funcionen, las mitocondrias y los cilios deben estar totalmente comunicados y cooperando al 100%. Y \u00bfsab\u00e9is como se crearon las c\u00e9lulas? a trav\u00e9s de 2 bacterias independientes que se fusionaron cual dos gotas de lluvia desliz\u00e1ndose por un cristal y se acaban uniendo creando una gota m\u00e1s grande que desciende m\u00e1s deprisa. Esas dos bacterias creaban a las mitocondrias, otros creaban los cilios, y as\u00ed sucesivamente se crearon y evolucionaron las c\u00e9lulas tal y como las conocemos actualmente.<\/p>\n\n\n\n<figure class=\"wp-block-image\"><a href=\"http:\/\/respiracioncelular.files.wordpress.com\/2012\/06\/cropped-8146793-ilustracion-3d-de-una-celula-humana-o-animal-en-seccion-transversal.jpg\"><img decoding=\"async\" src=\"http:\/\/respiracioncelular.files.wordpress.com\/2012\/06\/cropped-8146793-ilustracion-3d-de-una-celula-humana-o-animal-en-seccion-transversal.jpg\" alt=\"\"\/><\/a><\/figure>\n\n\n\n<p>Sin esta uni\u00f3n, sin esa cooperaci\u00f3n, nunca se habr\u00edan juntado, nunca se habr\u00edan creado las c\u00e9lulas y ahora mismo yo no estar\u00eda escribiendo esto.<br>Lo que quiero decir con esto es que la&nbsp;<strong>Comunicaci\u00f3n<\/strong>&nbsp;y la<strong>&nbsp;Cooperaci\u00f3n<\/strong>&nbsp;es la base de la evoluci\u00f3n y de la supervivencia humana. Si cooperamos entre nosotros, nos ayudamos, compartimos nuestras ideas, podemos hacer de \u00e9ste un mundo mejor.<\/p>\n\n\n\n<p>As\u00ed que olvid\u00e9monos de competir entre nosotros, de ser ego\u00edstas, de ir a un campo de batalla cada vez que salimos a cualquier sitio; ya sea a una entrevista de trabajo, a la universidad o cualquier otra situaci\u00f3n donde la sociedad se encuentra en su apogeo. Si ech\u00e1is un vistazo a vuestro alrededor, incluso con situaciones muy simples, os llevar\u00e9is una gran desilusi\u00f3n.<\/p>\n\n\n<div class=\"wp-block-image\">\n<figure class=\"alignleft\"><a href=\"http:\/\/2.bp.blogspot.com\/-Cv6x_xS187A\/UHRx8qusqYI\/AAAAAAAAEq4\/ayB46y9LGT4\/s320\/Evolution-LongCliff.jpeg\"><img decoding=\"async\" src=\"http:\/\/2.bp.blogspot.com\/-Cv6x_xS187A\/UHRx8qusqYI\/AAAAAAAAEq4\/ayB46y9LGT4\/s320\/Evolution-LongCliff.jpeg\" alt=\"\"\/><\/a><\/figure><\/div>\n\n\n<p>Si sois de aquellos que pens\u00e1is como yo, el momento de actuar es&nbsp;<strong>INMEDIATO<\/strong>,<strong>&nbsp;AHORA.<\/strong>&nbsp;Empezando por cambiarnos a nosotros mismos y despu\u00e9s intentar abrir los ojos a los dem\u00e1s de la cruda realidad.<\/p>\n\n\n\n<p>Si por el contrario no pens\u00e1is como yo, solo espero que el borde del precipicio sea lo bastante resistente para poder tener una \u00faltima oportunidad de dar media vuelta.<\/p>","protected":false},"excerpt":{"rendered":"<p>No quiero empezar a ser pesimista ni alarmaros, pero el fin de nuestros d\u00edas est\u00e1 cerca. El mundo tal y como lo conocemos desaparecer\u00e1 si no ponemos remedio a ello; porque s\u00ed; nosotros somos los responsables de la cat\u00e1strofe que nosotros mismos hemos causado en la Tierra. No solo nos estamos cargando la naturaleza con&#8230; <\/p>\n<p class=\"more\"><a class=\"more-link\" href=\"https:\/\/jimenezmanager.com\/en\/es-el-fin-del-mundo\/\">Read More<\/a><\/p>","protected":false},"author":1,"featured_media":1313,"comment_status":"open","ping_status":"open","sticky":false,"template":"","format":"standard","meta":{"inline_featured_image":false},"categories":[136],"tags":[122,123,129,124,128,126,127,131,134,132,135,133],"_links":{"self":[{"href":"https:\/\/jimenezmanager.com\/en\/wp-json\/wp\/v2\/posts\/1312"}],"collection":[{"href":"https:\/\/jimenezmanager.com\/en\/wp-json\/wp\/v2\/posts"}],"about":[{"href":"https:\/\/jimenezmanager.com\/en\/wp-json\/wp\/v2\/types\/post"}],"author":[{"embeddable":true,"href":"https:\/\/jimenezmanager.com\/en\/wp-json\/wp\/v2\/users\/1"}],"replies":[{"embeddable":true,"href":"https:\/\/jimenezmanager.com\/en\/wp-json\/wp\/v2\/comments?post=1312"}],"version-history":[{"count":3,"href":"https:\/\/jimenezmanager.com\/en\/wp-json\/wp\/v2\/posts\/1312\/revisions"}],"predecessor-version":[{"id":1355,"href":"https:\/\/jimenezmanager.com\/en\/wp-json\/wp\/v2\/posts\/1312\/revisions\/1355"}],"wp:featuredmedia":[{"embeddable":true,"href":"https:\/\/jimenezmanager.com\/en\/wp-json\/wp\/v2\/media\/1313"}],"wp:attachment":[{"href":"https:\/\/jimenezmanager.com\/en\/wp-json\/wp\/v2\/media?parent=1312"}],"wp:term":[{"taxonomy":"category","embeddable":true,"href":"https:\/\/jimenezmanager.com\/en\/wp-json\/wp\/v2\/categories?post=1312"},{"taxonomy":"post_tag","embeddable":true,"href":"https:\/\/jimenezmanager.com\/en\/wp-json\/wp\/v2\/tags?post=1312"}],"curies":[{"name":"wp","href":"https:\/\/api.w.org\/{rel}","templated":true}]}}